{"id":91,"date":"2016-05-03T16:01:00","date_gmt":"2016-05-03T14:01:00","guid":{"rendered":"http:\/\/ilmuenster.noblogs.org\/?p=91"},"modified":"2016-05-03T16:01:00","modified_gmt":"2016-05-03T14:01:00","slug":"ende-gelaende-mobi-in-muenster","status":"publish","type":"post","link":"https:\/\/ilmuenster.noblogs.org\/?p=91","title":{"rendered":"Ende Gel\u00e4nde &#8211; Mobi in M\u00fcnster"},"content":{"rendered":"<div>Am Pfingstwochenende (<b>vom 13. bis 16. Mai<\/b>) hei\u00dft es wieder <i>Ende Gel\u00e4nde. Kohle stoppen! Klima sch\u00fctzen<\/i><i>!<\/i> Nach sehr erfolgreichen Aktionstagen im rheinischen Braunkohlerevier geht es 2016 mit voraussichtlich doppelt so gro\u00dfer Beteiligung in die Lausitz:\u00a0 <a class=\"moz-txt-link-abbreviated\" href=\"http:\/\/www.ende-gelaende.org\">www.ende-gelaende.org<\/a><\/div>\n<div><\/div>\n<div><b>In M\u00fcnster organisieren wir einen Bus um gemeinsam mit euch zu Ende Gel\u00e4nde! zu fahren.<\/b><\/div>\n<p><!--more--><\/p>\n<div><\/div>\n<div><b>Termine in M\u00fcnster:<\/b><\/div>\n<div><\/div>\n<div><b>Di. 03.05. 17:30<\/b> <b>Aktionstraining <\/b>(Baracke, Scharnhorststra\u00dfe 100) [es sollten nach M\u00f6glichkeit alle Mitfahrenden teilnehmen, da es um eine sehr konkrete Vorbereitung auf die Aktion geht]<\/div>\n<div><\/div>\n<div><b>Do. 12.05. 15:00<\/b> <b>Busabfahrt in die Lausitz<\/b> [wir fahren Donnerstag, weil die Aktion unter Umst\u00e4nden schon am Freitag stattfindet]<\/div>\n<div><\/div>\n<div>Der Bus wird am 12.05. von M\u00fcnster \u00fcber Osnabr\u00fcck in die Lausitz fahren und am Pfingstmontag (16.05) fahren wir gemeinsam zur\u00fcck. Die Fahrkartenpreise sind gestaffelt: <b>55\u20ac Solipreis, 40\u20ac kostendeckend, 25\u20ac erm\u00e4\u00dfigt<\/b><\/div>\n<div><b><br \/>\n<\/b><\/div>\n<div>Pl\u00e4tze im Bus k\u00f6nnt ihr per Mail unter folgender Adresse reservieren: <a class=\"moz-txt-link-abbreviated\" href=\"mailto:endegelaendems@riseup.net\">endegelaendems@riseup.net<\/a><\/div>\n<div><\/div>\n","protected":false},"excerpt":{"rendered":"<p>Am Pfingstwochenende (vom 13. bis 16. Mai) hei\u00dft es wieder Ende Gel\u00e4nde. Kohle stoppen! Klima sch\u00fctzen! Nach sehr erfolgreichen Aktionstagen im rheinischen Braunkohlerevier geht es 2016 mit voraussichtlich doppelt so gro\u00dfer Beteiligung in die Lausitz:\u00a0 www.ende-gelaende.org In M\u00fcnster organisieren wir &hellip; <a href=\"https:\/\/ilmuenster.noblogs.org\/?p=91\">Weiterlesen <span class=\"meta-nav\">&rarr;<\/span><\/a><\/p>\n","protected":false},"author":5111,"featured_media":0,"comment_status":"open","ping_status":"open","sticky":false,"template":"","format":"standard","meta":{"footnotes":""},"categories":[1],"tags":[],"class_list":["post-91","post","type-post","status-publish","format-standard","hentry","category-aktuelles"],"_links":{"self":[{"href":"https:\/\/ilmuenster.noblogs.org\/index.php?rest_route=\/wp\/v2\/posts\/91","targetHints":{"allow":["GET"]}}],"collection":[{"href":"https:\/\/ilmuenster.noblogs.org\/index.php?rest_route=\/wp\/v2\/posts"}],"about":[{"href":"https:\/\/ilmuenster.noblogs.org\/index.php?rest_route=\/wp\/v2\/types\/post"}],"author":[{"embeddable":true,"href":"https:\/\/ilmuenster.noblogs.org\/index.php?rest_route=\/wp\/v2\/users\/5111"}],"replies":[{"embeddable":true,"href":"https:\/\/ilmuenster.noblogs.org\/index.php?rest_route=%2Fwp%2Fv2%2Fcomments&post=91"}],"version-history":[{"count":2,"href":"https:\/\/ilmuenster.noblogs.org\/index.php?rest_route=\/wp\/v2\/posts\/91\/revisions"}],"predecessor-version":[{"id":93,"href":"https:\/\/ilmuenster.noblogs.org\/index.php?rest_route=\/wp\/v2\/posts\/91\/revisions\/93"}],"wp:attachment":[{"href":"https:\/\/ilmuenster.noblogs.org\/index.php?rest_route=%2Fwp%2Fv2%2Fmedia&parent=91"}],"wp:term":[{"taxonomy":"category","embeddable":true,"href":"https:\/\/ilmuenster.noblogs.org\/index.php?rest_route=%2Fwp%2Fv2%2Fcategories&post=91"},{"taxonomy":"post_tag","embeddable":true,"href":"https:\/\/ilmuenster.noblogs.org\/index.php?rest_route=%2Fwp%2Fv2%2Ftags&post=91"}],"curies":[{"name":"wp","href":"https:\/\/api.w.org\/{rel}","templated":true}]}}