{"id":81,"date":"2016-02-23T12:53:29","date_gmt":"2016-02-23T11:53:29","guid":{"rendered":"http:\/\/ilmuenster.noblogs.org\/?p=81"},"modified":"2016-02-23T13:17:15","modified_gmt":"2016-02-23T12:17:15","slug":"va-rape-culture-kein-deutsches-problem-am-22-2-im-s8","status":"publish","type":"post","link":"https:\/\/ilmuenster.noblogs.org\/?p=81","title":{"rendered":"VA: Rape culture &#8211; (K)ein deutsches Problem?! am 23.2. im S8"},"content":{"rendered":"<p><span lang=\"de-DE\">Die Ereignisse der Silvesternacht in K\u00f6ln werden derzeit in Deutschland, aber auch im Ausland dazu benutzt, Stimmung gegen gefl\u00fcchtete Menschen zu machen und \u00c4ngste zu sch\u00fcren. Unter dem Deckmantel der Frauenrechte wird blanker Rassismus propagiert. Doch warum sind so viele bereit das zu glauben? Und m\u00fcssen wir uns tats\u00e4chlich zwischen feministischen Forderungen und antirassistischen Positionen entscheiden wie es etwa Alice Schwarzer behauptet? Anna Schiff sagt ganz klar nein und pl\u00e4diert stattdessen f\u00fcr Solidarit\u00e4t und komplexere Herangehensweisen an das Thema sexualisierte Gewalt. In ihrem Vortrag wird sie die diskursiven Erkl\u00e4rungsmuster sexualisierter Gewalt beleuchten, auf Traditionslinien eingehen und fragen, wem nutzen diese Diskurse eigentlich und wem eben nicht. <\/span><!--more--><\/p>\n<p><span lang=\"de-DE\"><b>Anna Schiff<\/b><\/span><span lang=\"de-DE\"> hat in Bochum und Istanbul Gender Studies und Geschichte studiert. F\u00fcr die Rosa-Luxemburg-Stiftung hat sie in der Reihe \u201eLuxemburg Argumente\u201c die Brosch\u00fcre \u201eIst doch ein Kompliment. Mythen und (mediale) Rechtfertigungsstrategien von Sexismus\u201c verfasst, die im M\u00e4rz 2016 erscheint. Derzeit schreibt sie an einem Buch \u00fcber Rape Culture in Deutschland.<br \/>\n<\/span><\/p>\n<p><span lang=\"de-DE\">Der Vortrag mit anschlie\u00dfender Diskussion findet am<b> 23.2.2016 um 19 Uhr<\/b> im <b>S8<\/b> (Schloss) statt.<br \/>\n<\/span><\/p>\n<p><span lang=\"de-DE\">Veranstalter_innen: Interventionistische Linke M\u00fcnster, Institut f\u00fcr Theologie und Politik, Gruppe analyse und kritik<\/span><\/p>\n<p>Die Veranstaltung wird in Kooperation mit der Rosa-Luxemburg-Stiftung NRW durchgef\u00fchrt.<\/p>\n","protected":false},"excerpt":{"rendered":"<p>Die Ereignisse der Silvesternacht in K\u00f6ln werden derzeit in Deutschland, aber auch im Ausland dazu benutzt, Stimmung gegen gefl\u00fcchtete Menschen zu machen und \u00c4ngste zu sch\u00fcren. Unter dem Deckmantel der Frauenrechte wird blanker Rassismus propagiert. Doch warum sind so viele &hellip; <a href=\"https:\/\/ilmuenster.noblogs.org\/?p=81\">Weiterlesen <span class=\"meta-nav\">&rarr;<\/span><\/a><\/p>\n","protected":false},"author":5111,"featured_media":0,"comment_status":"open","ping_status":"open","sticky":false,"template":"","format":"standard","meta":{"footnotes":""},"categories":[1],"tags":[],"class_list":["post-81","post","type-post","status-publish","format-standard","hentry","category-aktuelles"],"_links":{"self":[{"href":"https:\/\/ilmuenster.noblogs.org\/index.php?rest_route=\/wp\/v2\/posts\/81","targetHints":{"allow":["GET"]}}],"collection":[{"href":"https:\/\/ilmuenster.noblogs.org\/index.php?rest_route=\/wp\/v2\/posts"}],"about":[{"href":"https:\/\/ilmuenster.noblogs.org\/index.php?rest_route=\/wp\/v2\/types\/post"}],"author":[{"embeddable":true,"href":"https:\/\/ilmuenster.noblogs.org\/index.php?rest_route=\/wp\/v2\/users\/5111"}],"replies":[{"embeddable":true,"href":"https:\/\/ilmuenster.noblogs.org\/index.php?rest_route=%2Fwp%2Fv2%2Fcomments&post=81"}],"version-history":[{"count":3,"href":"https:\/\/ilmuenster.noblogs.org\/index.php?rest_route=\/wp\/v2\/posts\/81\/revisions"}],"predecessor-version":[{"id":84,"href":"https:\/\/ilmuenster.noblogs.org\/index.php?rest_route=\/wp\/v2\/posts\/81\/revisions\/84"}],"wp:attachment":[{"href":"https:\/\/ilmuenster.noblogs.org\/index.php?rest_route=%2Fwp%2Fv2%2Fmedia&parent=81"}],"wp:term":[{"taxonomy":"category","embeddable":true,"href":"https:\/\/ilmuenster.noblogs.org\/index.php?rest_route=%2Fwp%2Fv2%2Fcategories&post=81"},{"taxonomy":"post_tag","embeddable":true,"href":"https:\/\/ilmuenster.noblogs.org\/index.php?rest_route=%2Fwp%2Fv2%2Ftags&post=81"}],"curies":[{"name":"wp","href":"https:\/\/api.w.org\/{rel}","templated":true}]}}