{"id":253,"date":"2020-01-28T17:38:36","date_gmt":"2020-01-28T16:38:36","guid":{"rendered":"https:\/\/ilmuenster.noblogs.org\/?p=253"},"modified":"2020-01-28T17:38:36","modified_gmt":"2020-01-28T16:38:36","slug":"erinnern-und-kaempfen-chile-50-jahre-nach-der-unidad-popular-mit-leo-yanez-und-patricia-ramirez","status":"publish","type":"post","link":"https:\/\/ilmuenster.noblogs.org\/?p=253","title":{"rendered":"Erinnern und k\u00e4mpfen&#8230;Chile &#8211; 50 Jahre nach der Unidad Popular mit Leo Yanez und Patricia Ramirez"},"content":{"rendered":"<p><strong>Mi, 5.2.2020 &#8211; 19:30 im JO 1 (Johannisstr. 4)<\/strong><\/p>\n<p><a href=\"https:\/\/ilmuenster.noblogs.org\/files\/2020\/01\/erinnern-un-k\u00e4mpfen.png\"><img loading=\"lazy\" decoding=\"async\" src=\"https:\/\/ilmuenster.noblogs.org\/files\/2020\/01\/erinnern-un-k\u00e4mpfen-300x213.png\" alt=\"\" width=\"300\" height=\"213\" class=\"alignnone size-medium wp-image-254\" srcset=\"https:\/\/ilmuenster.noblogs.org\/files\/2020\/01\/erinnern-un-k\u00e4mpfen-300x213.png 300w, https:\/\/ilmuenster.noblogs.org\/files\/2020\/01\/erinnern-un-k\u00e4mpfen-1024x729.png 1024w, https:\/\/ilmuenster.noblogs.org\/files\/2020\/01\/erinnern-un-k\u00e4mpfen-768x546.png 768w, https:\/\/ilmuenster.noblogs.org\/files\/2020\/01\/erinnern-un-k\u00e4mpfen.png 1057w\" sizes=\"auto, (max-width: 300px) 100vw, 300px\" \/><\/a><\/p>\n<p>Seit Mitte Oktober \u00fcberraschen in ganz Chile massive Proteste, an denen Millionen von Menschen klassen\u00fcbergreifend auf der Stra\u00dfe gegen den neoliberalen Kapitalismus teilnehmen. Man erinnert sich wieder an ein revolution\u00e4res gesellschaftliches Projekt von W\u00fcrde, Gleichheit und Solidarit\u00e4t: die Unidad Popular. Aber wie geht es weiter?<br \/>\n<!--more--><\/p>\n<p>Gelingt es, eine verfassungsgebende Versammlung von unten zu schaffen? Wer sind die Akteure in dieser gesellschaftlichen Auseinandersetzung? Leo Yanez (Journalist) und Patricia Ramirez aus Santiago de Chile geben uns ihre Einsch\u00e4tzung des politischen Umbruchs in Chile. VeranstalterInnen: Institut f\u00fcr Theologie und Politik, AK zu Recht, Interventionistische Linke M\u00fcnster, SDS M\u00fcnster und der Kulturverein F 24.<\/p>\n<p>Die Veranstaltung findet statt am Mittwoch, den 5. Februar um 19.30 Uhr in der WWU M\u00fcnster, Raum JO1, Johannisstr. 4.<\/p>\n<p>Ebenso gibt es am 15. Februar um 19:00 Uhr einen Konzertabend mit aktuellen Eindr\u00fccken aus Chile unter dem Titel \u201eChile despert\u00f3 \u2013 Chile ist erwacht\u201c mit dem Duo Contraviento in der Trafostation M\u00fcnster am Buddenturm.<\/p>\n","protected":false},"excerpt":{"rendered":"<p>Mi, 5.2.2020 &#8211; 19:30 im JO 1 (Johannisstr. 4) Seit Mitte Oktober \u00fcberraschen in ganz Chile massive Proteste, an denen Millionen von Menschen klassen\u00fcbergreifend auf der Stra\u00dfe gegen den neoliberalen Kapitalismus teilnehmen. Man erinnert sich wieder an ein revolution\u00e4res gesellschaftliches &hellip; <a href=\"https:\/\/ilmuenster.noblogs.org\/?p=253\">Weiterlesen <span class=\"meta-nav\">&rarr;<\/span><\/a><\/p>\n","protected":false},"author":5111,"featured_media":0,"comment_status":"open","ping_status":"open","sticky":false,"template":"","format":"standard","meta":{"footnotes":""},"categories":[1],"tags":[],"class_list":["post-253","post","type-post","status-publish","format-standard","hentry","category-aktuelles"],"_links":{"self":[{"href":"https:\/\/ilmuenster.noblogs.org\/index.php?rest_route=\/wp\/v2\/posts\/253","targetHints":{"allow":["GET"]}}],"collection":[{"href":"https:\/\/ilmuenster.noblogs.org\/index.php?rest_route=\/wp\/v2\/posts"}],"about":[{"href":"https:\/\/ilmuenster.noblogs.org\/index.php?rest_route=\/wp\/v2\/types\/post"}],"author":[{"embeddable":true,"href":"https:\/\/ilmuenster.noblogs.org\/index.php?rest_route=\/wp\/v2\/users\/5111"}],"replies":[{"embeddable":true,"href":"https:\/\/ilmuenster.noblogs.org\/index.php?rest_route=%2Fwp%2Fv2%2Fcomments&post=253"}],"version-history":[{"count":1,"href":"https:\/\/ilmuenster.noblogs.org\/index.php?rest_route=\/wp\/v2\/posts\/253\/revisions"}],"predecessor-version":[{"id":255,"href":"https:\/\/ilmuenster.noblogs.org\/index.php?rest_route=\/wp\/v2\/posts\/253\/revisions\/255"}],"wp:attachment":[{"href":"https:\/\/ilmuenster.noblogs.org\/index.php?rest_route=%2Fwp%2Fv2%2Fmedia&parent=253"}],"wp:term":[{"taxonomy":"category","embeddable":true,"href":"https:\/\/ilmuenster.noblogs.org\/index.php?rest_route=%2Fwp%2Fv2%2Fcategories&post=253"},{"taxonomy":"post_tag","embeddable":true,"href":"https:\/\/ilmuenster.noblogs.org\/index.php?rest_route=%2Fwp%2Fv2%2Ftags&post=253"}],"curies":[{"name":"wp","href":"https:\/\/api.w.org\/{rel}","templated":true}]}}