{"id":225,"date":"2018-03-06T16:51:20","date_gmt":"2018-03-06T15:51:20","guid":{"rendered":"https:\/\/ilmuenster.noblogs.org\/?p=225"},"modified":"2018-03-06T16:51:20","modified_gmt":"2018-03-06T15:51:20","slug":"internationaler-frauenkampftag-demo-in-duesseldorf","status":"publish","type":"post","link":"https:\/\/ilmuenster.noblogs.org\/?p=225","title":{"rendered":"Internationaler Frauenkampftag &#8211; Demo in D\u00fcsseldorf"},"content":{"rendered":"<p>Am 8. M\u00e4rz ist wieder Internationaler Frauenkampftag. Aus diesem Anlass wird es am <strong>10. M\u00e4rz in D\u00fcsseldorf<\/strong> eine landesweite Demo in D\u00fcsseldorf geben.<\/p>\n<p>Aus M\u00fcnster m\u00f6chten wir gemeinsam dazu anreisen und treffen uns daf\u00fcr am <strong>Samstag um 12 Uhr<\/strong> in der <strong>Eingangshalle des Hbf in M\u00fcnster<\/strong>. Kommt alle mit, ladet eure FreundInnen ein! <\/p>\n<p>Mehr Infos unter: http:\/\/frauenkampftag-duesseldorf.de<\/p>\n<p><a href=\"https:\/\/ilmuenster.noblogs.org\/files\/2018\/03\/weltfrauenkampftag.pdf\">weltfrauenkampftag<\/a><\/p>\n","protected":false},"excerpt":{"rendered":"<p>Am 8. M\u00e4rz ist wieder Internationaler Frauenkampftag. Aus diesem Anlass wird es am 10. M\u00e4rz in D\u00fcsseldorf eine landesweite Demo in D\u00fcsseldorf geben. Aus M\u00fcnster m\u00f6chten wir gemeinsam dazu anreisen und treffen uns daf\u00fcr am Samstag um 12 Uhr in &hellip; <a href=\"https:\/\/ilmuenster.noblogs.org\/?p=225\">Weiterlesen <span class=\"meta-nav\">&rarr;<\/span><\/a><\/p>\n","protected":false},"author":5111,"featured_media":0,"comment_status":"open","ping_status":"open","sticky":false,"template":"","format":"standard","meta":{"footnotes":""},"categories":[1],"tags":[],"class_list":["post-225","post","type-post","status-publish","format-standard","hentry","category-aktuelles"],"_links":{"self":[{"href":"https:\/\/ilmuenster.noblogs.org\/index.php?rest_route=\/wp\/v2\/posts\/225","targetHints":{"allow":["GET"]}}],"collection":[{"href":"https:\/\/ilmuenster.noblogs.org\/index.php?rest_route=\/wp\/v2\/posts"}],"about":[{"href":"https:\/\/ilmuenster.noblogs.org\/index.php?rest_route=\/wp\/v2\/types\/post"}],"author":[{"embeddable":true,"href":"https:\/\/ilmuenster.noblogs.org\/index.php?rest_route=\/wp\/v2\/users\/5111"}],"replies":[{"embeddable":true,"href":"https:\/\/ilmuenster.noblogs.org\/index.php?rest_route=%2Fwp%2Fv2%2Fcomments&post=225"}],"version-history":[{"count":1,"href":"https:\/\/ilmuenster.noblogs.org\/index.php?rest_route=\/wp\/v2\/posts\/225\/revisions"}],"predecessor-version":[{"id":227,"href":"https:\/\/ilmuenster.noblogs.org\/index.php?rest_route=\/wp\/v2\/posts\/225\/revisions\/227"}],"wp:attachment":[{"href":"https:\/\/ilmuenster.noblogs.org\/index.php?rest_route=%2Fwp%2Fv2%2Fmedia&parent=225"}],"wp:term":[{"taxonomy":"category","embeddable":true,"href":"https:\/\/ilmuenster.noblogs.org\/index.php?rest_route=%2Fwp%2Fv2%2Fcategories&post=225"},{"taxonomy":"post_tag","embeddable":true,"href":"https:\/\/ilmuenster.noblogs.org\/index.php?rest_route=%2Fwp%2Fv2%2Ftags&post=225"}],"curies":[{"name":"wp","href":"https:\/\/api.w.org\/{rel}","templated":true}]}}