{"id":222,"date":"2018-02-28T11:07:39","date_gmt":"2018-02-28T10:07:39","guid":{"rendered":"https:\/\/ilmuenster.noblogs.org\/?p=222"},"modified":"2018-02-28T11:07:39","modified_gmt":"2018-02-28T10:07:39","slug":"carerevolution-gesundheit-im-kapitalismus","status":"publish","type":"post","link":"https:\/\/ilmuenster.noblogs.org\/?p=222","title":{"rendered":"CareRevolution &#8211; Gesundheit im Kapitalismus"},"content":{"rendered":"<p>Jour Fixe der il am Montag, dem 5. M\u00e4rz 2018, 20 Uhr im ITP (Friedrich-Ebert-Str. 7, im Hinterhof)<\/p>\n<p><a href=\"https:\/\/ilmuenster.noblogs.org\/files\/2018\/02\/2018-02-21_JourFixe_20_hell_gradient.png\"><img loading=\"lazy\" decoding=\"async\" src=\"https:\/\/ilmuenster.noblogs.org\/files\/2018\/02\/2018-02-21_JourFixe_20_hell_gradient-212x300.png\" alt=\"\" width=\"212\" height=\"300\" class=\"alignnone size-medium wp-image-223\" srcset=\"https:\/\/ilmuenster.noblogs.org\/files\/2018\/02\/2018-02-21_JourFixe_20_hell_gradient-212x300.png 212w, https:\/\/ilmuenster.noblogs.org\/files\/2018\/02\/2018-02-21_JourFixe_20_hell_gradient.png 596w\" sizes=\"auto, (max-width: 212px) 100vw, 212px\" \/><\/a><\/p>\n<p>Burn-out von Pflegekr\u00e4ften, haarstr\u00e4ubende Zust\u00e4nde in Krankenh\u00e4usern und Altenheimen: Pflegenotstand!?Anl\u00e4sslich des internationalen Frauentags am 8.M\u00e4rz diskutieren wir mit einem D\u00fcsseldorfer Aktivisten die himmelschreienden Arbeitsbedingungen im Gesundheits- und Pflegebereich, die vor allem Frauen betreffen, aber zunehmend auch M\u00e4nner an gesundheitliche Grenzen bringen. <!--more--><\/p>\n<p>Erfolgreiche Streiks der Pflegekr\u00e4fte z.B. an der Charit\u00e9 in Berlin fordern nicht nur mehr Geld, sondern mehr Personal. Erinnern wir uns an den lang anhaltenden Streik der Kitas in NRW, wo es um gesellschaftliche Anerkennung ihrer Arbeit ging. Diese Missst\u00e4nde sind aber nicht einfach zuf\u00e4llig entstanden, sie haben System! Wir wollen an diesem Jour fixe dahinter blicken. In welchem Verh\u00e4ltnis stehen Produktion und Reproduktion in kapitalistischer Verwertungslogik, wie h\u00e4ngt Wirtschaft und Pflege zusammen? Und warum muss und soll es Schicksal von Frauen sein, Care Arbeit ma\u00dfgeblich zu stemmen, bezahlte wie unbezahlte? Wir versuchen an diesem Abend zusammen mit einem Aktivisten, der im Bereich von Krankenhausstreiks in NRW Erfahrungen gesammelt hat, in der Frage nach Care Revolution eine feministische und aktionsorientierte Antwort zu finden. Kommt vorbei, diskutiert mit!<\/p>\n","protected":false},"excerpt":{"rendered":"<p>Jour Fixe der il am Montag, dem 5. M\u00e4rz 2018, 20 Uhr im ITP (Friedrich-Ebert-Str. 7, im Hinterhof) Burn-out von Pflegekr\u00e4ften, haarstr\u00e4ubende Zust\u00e4nde in Krankenh\u00e4usern und Altenheimen: Pflegenotstand!?Anl\u00e4sslich des internationalen Frauentags am 8.M\u00e4rz diskutieren wir mit einem D\u00fcsseldorfer Aktivisten die &hellip; <a href=\"https:\/\/ilmuenster.noblogs.org\/?p=222\">Weiterlesen <span class=\"meta-nav\">&rarr;<\/span><\/a><\/p>\n","protected":false},"author":5111,"featured_media":0,"comment_status":"open","ping_status":"open","sticky":false,"template":"","format":"standard","meta":{"footnotes":""},"categories":[1],"tags":[],"class_list":["post-222","post","type-post","status-publish","format-standard","hentry","category-aktuelles"],"_links":{"self":[{"href":"https:\/\/ilmuenster.noblogs.org\/index.php?rest_route=\/wp\/v2\/posts\/222","targetHints":{"allow":["GET"]}}],"collection":[{"href":"https:\/\/ilmuenster.noblogs.org\/index.php?rest_route=\/wp\/v2\/posts"}],"about":[{"href":"https:\/\/ilmuenster.noblogs.org\/index.php?rest_route=\/wp\/v2\/types\/post"}],"author":[{"embeddable":true,"href":"https:\/\/ilmuenster.noblogs.org\/index.php?rest_route=\/wp\/v2\/users\/5111"}],"replies":[{"embeddable":true,"href":"https:\/\/ilmuenster.noblogs.org\/index.php?rest_route=%2Fwp%2Fv2%2Fcomments&post=222"}],"version-history":[{"count":1,"href":"https:\/\/ilmuenster.noblogs.org\/index.php?rest_route=\/wp\/v2\/posts\/222\/revisions"}],"predecessor-version":[{"id":224,"href":"https:\/\/ilmuenster.noblogs.org\/index.php?rest_route=\/wp\/v2\/posts\/222\/revisions\/224"}],"wp:attachment":[{"href":"https:\/\/ilmuenster.noblogs.org\/index.php?rest_route=%2Fwp%2Fv2%2Fmedia&parent=222"}],"wp:term":[{"taxonomy":"category","embeddable":true,"href":"https:\/\/ilmuenster.noblogs.org\/index.php?rest_route=%2Fwp%2Fv2%2Fcategories&post=222"},{"taxonomy":"post_tag","embeddable":true,"href":"https:\/\/ilmuenster.noblogs.org\/index.php?rest_route=%2Fwp%2Fv2%2Ftags&post=222"}],"curies":[{"name":"wp","href":"https:\/\/api.w.org\/{rel}","templated":true}]}}