{"id":197,"date":"2017-09-27T17:47:32","date_gmt":"2017-09-27T15:47:32","guid":{"rendered":"https:\/\/ilmuenster.noblogs.org\/?p=197"},"modified":"2017-10-05T11:34:01","modified_gmt":"2017-10-05T09:34:01","slug":"jour-fixe-der-il-am-9-10-17-unabhaengiges-katalonien-nationalistisches-projekt-oder-europaeischer-zapatismus","status":"publish","type":"post","link":"https:\/\/ilmuenster.noblogs.org\/?p=197","title":{"rendered":"Jour fixe der IL am 9.10.17:  Unabh\u00e4ngiges Katalonien &#8211; nationalistisches Projekt oder europ\u00e4ischer Zapatismus?"},"content":{"rendered":"<p><a href=\"https:\/\/ilmuenster.noblogs.org\/files\/2017\/09\/2017-09-29_JourFixe_16-01.png\"><img loading=\"lazy\" decoding=\"async\" src=\"https:\/\/ilmuenster.noblogs.org\/files\/2017\/09\/2017-09-29_JourFixe_16-01-212x300.png\" alt=\"\" width=\"212\" height=\"300\" class=\"alignnone size-medium wp-image-200\" srcset=\"https:\/\/ilmuenster.noblogs.org\/files\/2017\/09\/2017-09-29_JourFixe_16-01-212x300.png 212w, https:\/\/ilmuenster.noblogs.org\/files\/2017\/09\/2017-09-29_JourFixe_16-01-768x1086.png 768w, https:\/\/ilmuenster.noblogs.org\/files\/2017\/09\/2017-09-29_JourFixe_16-01-724x1024.png 724w, https:\/\/ilmuenster.noblogs.org\/files\/2017\/09\/2017-09-29_JourFixe_16-01.png 1241w\" sizes=\"auto, (max-width: 212px) 100vw, 212px\" \/><\/a><\/p>\n<p>Am 1.10. findet in Katalonien die Abstimmung \u00fcber eine Unabh\u00e4ngigkeit von Spanien statt. Kein Thema f\u00fcr die radikale Linke, weil Nation, Staat und Kapital bekanntlich Schei\u00dfe sind? Andererseits ist der Kampf gegen Austerit\u00e4ts \u2013 und  Fl\u00fcchtlingspolitik eng mit der Unabh\u00e4ngigkeitsbewegung verbunden.<!--more--><\/p>\n<p>Katalonien, das stand auch immer f\u00fcr Widerstand gegen das Spanien Francos, gegen eine NATO Mitgliedschaft Spaniens. Teil der Unabh\u00e4ngigkeitsbewegung ist die linksradikale CUP, im Regionalparlament mit 10 Abgeordneten vertreten, die sich als Teil des &#8222;europ\u00e4ischen Zapatismus&#8220; definiert. K\u00f6nnte eine Unabh\u00e4ngigkeit Kataloniens also doch Perspektiven f\u00fcr eine linke Politik er\u00f6ffnen?<br \/>\nDar\u00fcber diskutieren wir auf unserem Jour fixe am Montag 9.10. ab 20 Uhr im ITP, Friedrich-Ebert-Str. 7 (Hinterhof, erste Etage), M\u00fcnster. <\/p>\n","protected":false},"excerpt":{"rendered":"<p>Am 1.10. findet in Katalonien die Abstimmung \u00fcber eine Unabh\u00e4ngigkeit von Spanien statt. Kein Thema f\u00fcr die radikale Linke, weil Nation, Staat und Kapital bekanntlich Schei\u00dfe sind? Andererseits ist der Kampf gegen Austerit\u00e4ts \u2013 und Fl\u00fcchtlingspolitik eng mit der Unabh\u00e4ngigkeitsbewegung &hellip; <a href=\"https:\/\/ilmuenster.noblogs.org\/?p=197\">Weiterlesen <span class=\"meta-nav\">&rarr;<\/span><\/a><\/p>\n","protected":false},"author":5111,"featured_media":0,"comment_status":"open","ping_status":"open","sticky":false,"template":"","format":"standard","meta":{"footnotes":""},"categories":[1],"tags":[],"class_list":["post-197","post","type-post","status-publish","format-standard","hentry","category-aktuelles"],"_links":{"self":[{"href":"https:\/\/ilmuenster.noblogs.org\/index.php?rest_route=\/wp\/v2\/posts\/197","targetHints":{"allow":["GET"]}}],"collection":[{"href":"https:\/\/ilmuenster.noblogs.org\/index.php?rest_route=\/wp\/v2\/posts"}],"about":[{"href":"https:\/\/ilmuenster.noblogs.org\/index.php?rest_route=\/wp\/v2\/types\/post"}],"author":[{"embeddable":true,"href":"https:\/\/ilmuenster.noblogs.org\/index.php?rest_route=\/wp\/v2\/users\/5111"}],"replies":[{"embeddable":true,"href":"https:\/\/ilmuenster.noblogs.org\/index.php?rest_route=%2Fwp%2Fv2%2Fcomments&post=197"}],"version-history":[{"count":3,"href":"https:\/\/ilmuenster.noblogs.org\/index.php?rest_route=\/wp\/v2\/posts\/197\/revisions"}],"predecessor-version":[{"id":202,"href":"https:\/\/ilmuenster.noblogs.org\/index.php?rest_route=\/wp\/v2\/posts\/197\/revisions\/202"}],"wp:attachment":[{"href":"https:\/\/ilmuenster.noblogs.org\/index.php?rest_route=%2Fwp%2Fv2%2Fmedia&parent=197"}],"wp:term":[{"taxonomy":"category","embeddable":true,"href":"https:\/\/ilmuenster.noblogs.org\/index.php?rest_route=%2Fwp%2Fv2%2Fcategories&post=197"},{"taxonomy":"post_tag","embeddable":true,"href":"https:\/\/ilmuenster.noblogs.org\/index.php?rest_route=%2Fwp%2Fv2%2Ftags&post=197"}],"curies":[{"name":"wp","href":"https:\/\/api.w.org\/{rel}","templated":true}]}}