{"id":192,"date":"2017-08-31T15:31:12","date_gmt":"2017-08-31T13:31:12","guid":{"rendered":"https:\/\/ilmuenster.noblogs.org\/?p=192"},"modified":"2017-08-31T15:31:12","modified_gmt":"2017-08-31T13:31:12","slug":"von-g20-zu-ende-gelaende-fuer-solidaritaet-und-klimagerechtigkeit","status":"publish","type":"post","link":"https:\/\/ilmuenster.noblogs.org\/?p=192","title":{"rendered":"Von G20 zu Ende Gel\u00e4nde: f\u00fcr Solidarit\u00e4t und Klimagerechtigkeit"},"content":{"rendered":"<p><a href=\"https:\/\/ilmuenster.noblogs.org\/files\/2017\/08\/jourfix.jpeg\"><img loading=\"lazy\" decoding=\"async\" src=\"https:\/\/ilmuenster.noblogs.org\/files\/2017\/08\/jourfix.jpeg\" alt=\"\" width=\"276\" height=\"183\" class=\"alignnone size-full wp-image-193\" \/><\/a><br \/>\n2017 &#8211; ein Sommer des massenhaften zivilen Ungehorsams<\/p>\n<p>Jour Fixe der Interventionistischen Linken M\u00fcnster am Montag, 04.09.2017 um 20:00 Uhr im ITP, Friedrich-Ebert-Str. 7 (Hinterhof, erste Etage), M\u00fcnster<\/p>\n<p>Im August haben im rheinischen Braunkohlerevier Tausende Aktivist_innen bei Ende Gel\u00e4nde den Ausverkauf des Klimas gest\u00f6rt und so den Slogan konkretisiert: &#8222;Wir schaffen ein Klima der Gerechtigkeit&#8220;. <!--more--><\/p>\n<p>Ende Gel\u00e4nde ist nicht einfach nur ein \u00d6ko-Protest, sondern es geht um eine dezidiert antikapitalistische Systemkritik, die die soziale Frage ins Zentrum der Klimaproteste setzt. Damit steht Ende Gel\u00e4nde f\u00fcr uns auch in Kontinuit\u00e4t zu den Protesten gegen G20 in Hamburg. Sie haben im Juli in Hamburg gezeigt, dass der Widerstand gegen die kapitalistisch-neoliberale Verwaltung der Welt laut werden kann, wenn ihn viele gemeinsam solidarisch auf die Stra\u00dfen tragen.<br \/>\nDoch wie stehen die beiden Protestereignisse G20 und Ende Gel\u00e4nde mit ihren Aktionen zivilen Ungehorsams im Bezug zueinander? Werden antikapitalistische und sozial\u00f6kologische K\u00e4mpfe durch die Ereignisse diesen Sommers wirkungsvoll in die \u00d6ffentlichkeit getragen? Was sind Ankn\u00fcpfungspunkte, um in M\u00fcnster in Bezug auf die n\u00e4chste Ende Gel\u00e4nde-Aktion anl\u00e4sslich der UN-Klimakonferenz in Bonn am 03.-05.11.2017 mobilisieren zu k\u00f6nnen?<\/p>\n","protected":false},"excerpt":{"rendered":"<p>2017 &#8211; ein Sommer des massenhaften zivilen Ungehorsams Jour Fixe der Interventionistischen Linken M\u00fcnster am Montag, 04.09.2017 um 20:00 Uhr im ITP, Friedrich-Ebert-Str. 7 (Hinterhof, erste Etage), M\u00fcnster Im August haben im rheinischen Braunkohlerevier Tausende Aktivist_innen bei Ende Gel\u00e4nde den &hellip; <a href=\"https:\/\/ilmuenster.noblogs.org\/?p=192\">Weiterlesen <span class=\"meta-nav\">&rarr;<\/span><\/a><\/p>\n","protected":false},"author":5111,"featured_media":0,"comment_status":"open","ping_status":"open","sticky":false,"template":"","format":"standard","meta":{"footnotes":""},"categories":[1],"tags":[],"class_list":["post-192","post","type-post","status-publish","format-standard","hentry","category-aktuelles"],"_links":{"self":[{"href":"https:\/\/ilmuenster.noblogs.org\/index.php?rest_route=\/wp\/v2\/posts\/192","targetHints":{"allow":["GET"]}}],"collection":[{"href":"https:\/\/ilmuenster.noblogs.org\/index.php?rest_route=\/wp\/v2\/posts"}],"about":[{"href":"https:\/\/ilmuenster.noblogs.org\/index.php?rest_route=\/wp\/v2\/types\/post"}],"author":[{"embeddable":true,"href":"https:\/\/ilmuenster.noblogs.org\/index.php?rest_route=\/wp\/v2\/users\/5111"}],"replies":[{"embeddable":true,"href":"https:\/\/ilmuenster.noblogs.org\/index.php?rest_route=%2Fwp%2Fv2%2Fcomments&post=192"}],"version-history":[{"count":2,"href":"https:\/\/ilmuenster.noblogs.org\/index.php?rest_route=\/wp\/v2\/posts\/192\/revisions"}],"predecessor-version":[{"id":195,"href":"https:\/\/ilmuenster.noblogs.org\/index.php?rest_route=\/wp\/v2\/posts\/192\/revisions\/195"}],"wp:attachment":[{"href":"https:\/\/ilmuenster.noblogs.org\/index.php?rest_route=%2Fwp%2Fv2%2Fmedia&parent=192"}],"wp:term":[{"taxonomy":"category","embeddable":true,"href":"https:\/\/ilmuenster.noblogs.org\/index.php?rest_route=%2Fwp%2Fv2%2Fcategories&post=192"},{"taxonomy":"post_tag","embeddable":true,"href":"https:\/\/ilmuenster.noblogs.org\/index.php?rest_route=%2Fwp%2Fv2%2Ftags&post=192"}],"curies":[{"name":"wp","href":"https:\/\/api.w.org\/{rel}","templated":true}]}}