{"id":152,"date":"2017-03-01T10:58:49","date_gmt":"2017-03-01T09:58:49","guid":{"rendered":"https:\/\/ilmuenster.noblogs.org\/?p=152"},"modified":"2017-03-01T11:00:58","modified_gmt":"2017-03-01T10:00:58","slug":"jour-fixe-der-il-muenster-rot-rot-gruen-top-oder-flop","status":"publish","type":"post","link":"https:\/\/ilmuenster.noblogs.org\/?p=152","title":{"rendered":"Jour fixe der IL-M\u00fcnster: Rot-rot-gr\u00fcn &#8211; Top oder Flop?"},"content":{"rendered":"<p><a href=\"https:\/\/ilmuenster.noblogs.org\/files\/2017\/03\/16992186_1680686702228964_6398407567846637471_o.jpg\"><img loading=\"lazy\" decoding=\"async\" src=\"https:\/\/ilmuenster.noblogs.org\/files\/2017\/03\/16992186_1680686702228964_6398407567846637471_o-212x300.jpg\" alt=\"\" width=\"212\" height=\"300\" class=\"alignnone size-medium wp-image-154\" srcset=\"https:\/\/ilmuenster.noblogs.org\/files\/2017\/03\/16992186_1680686702228964_6398407567846637471_o-212x300.jpg 212w, https:\/\/ilmuenster.noblogs.org\/files\/2017\/03\/16992186_1680686702228964_6398407567846637471_o.jpg 679w\" sizes=\"auto, (max-width: 212px) 100vw, 212px\" \/><\/a><\/p>\n<p>2017 wird das Jahr der Wahlen, in der BRD wie in NRW. Die \u00f6ffentliche<br \/>\nDiskussion \u00fcber Politik in diesem Jahr wird das pr\u00e4gen, egal wie wir<br \/>\nals radikale Linke dazu stehen. <\/p>\n<p>Aber mit welchen Perspektiven, W\u00fcnschen und Hoffnungen blicken wir, neben der Angst vor dem weiteren Aufsteig der<br \/>\nAfD, in das Wahljahr? <!--more--><\/p>\n<p>Ist eine Regierungsbeteiligung der Partei die<br \/>\n&#8222;LINKE&#8220; sch\u00e4dlich oder f\u00f6rderlich f\u00fcr die Aufgaben einer radikalen Linken in der BRD?<br \/>\nWird ein Regierungswechsel, die Spielr\u00e4ume f\u00fcr uns, also die Bewegungen auf der Stra\u00dfe, gr\u00f6\u00dfer oder kleiner machen?<br \/>\nHoffen wir ein solches Projekt k\u00f6nnte den soliarischen Pol der Gesellschaft wieder sichtbar und h\u00f6rbar<br \/>\nmachen oder f\u00fcrchten wir es wird ihn einlullen und korrumpieren?<br \/>\nWir wollen beim Jour fixe am kommenden Montag die Kontroverse \u00fcber<br \/>\ndiese Themen wie sie auch in der Interventionistischen Linken gef\u00fchrt wird<br \/>\nvorstellen und mit euch am <strong>Montag um 20 Uhr im ITP (Friedrich-Ebert-Str. 7, im Hinterhof)<\/strong> gemeinsam diskutieren!<\/p>\n","protected":false},"excerpt":{"rendered":"<p>2017 wird das Jahr der Wahlen, in der BRD wie in NRW. Die \u00f6ffentliche Diskussion \u00fcber Politik in diesem Jahr wird das pr\u00e4gen, egal wie wir als radikale Linke dazu stehen. Aber mit welchen Perspektiven, W\u00fcnschen und Hoffnungen blicken wir, &hellip; <a href=\"https:\/\/ilmuenster.noblogs.org\/?p=152\">Weiterlesen <span class=\"meta-nav\">&rarr;<\/span><\/a><\/p>\n","protected":false},"author":5111,"featured_media":0,"comment_status":"open","ping_status":"open","sticky":false,"template":"","format":"standard","meta":{"footnotes":""},"categories":[1],"tags":[],"class_list":["post-152","post","type-post","status-publish","format-standard","hentry","category-aktuelles"],"_links":{"self":[{"href":"https:\/\/ilmuenster.noblogs.org\/index.php?rest_route=\/wp\/v2\/posts\/152","targetHints":{"allow":["GET"]}}],"collection":[{"href":"https:\/\/ilmuenster.noblogs.org\/index.php?rest_route=\/wp\/v2\/posts"}],"about":[{"href":"https:\/\/ilmuenster.noblogs.org\/index.php?rest_route=\/wp\/v2\/types\/post"}],"author":[{"embeddable":true,"href":"https:\/\/ilmuenster.noblogs.org\/index.php?rest_route=\/wp\/v2\/users\/5111"}],"replies":[{"embeddable":true,"href":"https:\/\/ilmuenster.noblogs.org\/index.php?rest_route=%2Fwp%2Fv2%2Fcomments&post=152"}],"version-history":[{"count":4,"href":"https:\/\/ilmuenster.noblogs.org\/index.php?rest_route=\/wp\/v2\/posts\/152\/revisions"}],"predecessor-version":[{"id":157,"href":"https:\/\/ilmuenster.noblogs.org\/index.php?rest_route=\/wp\/v2\/posts\/152\/revisions\/157"}],"wp:attachment":[{"href":"https:\/\/ilmuenster.noblogs.org\/index.php?rest_route=%2Fwp%2Fv2%2Fmedia&parent=152"}],"wp:term":[{"taxonomy":"category","embeddable":true,"href":"https:\/\/ilmuenster.noblogs.org\/index.php?rest_route=%2Fwp%2Fv2%2Fcategories&post=152"},{"taxonomy":"post_tag","embeddable":true,"href":"https:\/\/ilmuenster.noblogs.org\/index.php?rest_route=%2Fwp%2Fv2%2Ftags&post=152"}],"curies":[{"name":"wp","href":"https:\/\/api.w.org\/{rel}","templated":true}]}}