{"id":149,"date":"2017-02-22T10:33:09","date_gmt":"2017-02-22T09:33:09","guid":{"rendered":"https:\/\/ilmuenster.noblogs.org\/?p=149"},"modified":"2017-02-22T10:33:09","modified_gmt":"2017-02-22T09:33:09","slug":"redebeitrag-der-il-muenster-am-10-2-2017-anlaesslich-des-neujahrsempfangs-der-afd-im-historischen-rathaus","status":"publish","type":"post","link":"https:\/\/ilmuenster.noblogs.org\/?p=149","title":{"rendered":"Redebeitrag der IL-M\u00fcnster am 10.2.2017 anl\u00e4sslich des Neujahrsempfangs der AfD im Historischen Rathaus"},"content":{"rendered":"<p>Wir stehen hier heute draussen auf dem Prinzipalmarkt. Drinnen im Rathaus h\u00e4lt die AfD ihren Neujahrsempfang ab. Das akzeptieren wir nicht, dagegen protestieren wir. <\/p>\n<p>Gallionsfiguren der AFD wie Alexander Gauland hetzen mit NPD-Parolen wie \u201cHeute tolerant, morgen fremd im eigenen Land\u201d. Die AFD versucht diejenigen, denen es materiell schlecht geht, gegeneinander auszuspielen. Die AFD proklamiert  ein reaktion\u00e4res Frauen- und Familienbild. Die AFD tritt offen f\u00fcr eine R\u00fcckkehr zum Nationalismus ein. <!--more--><\/p>\n<p>Der Neo-Nationalismus der  AfD ist anschlussf\u00e4hig an offen rassistische und immer \u00f6fter auch faschistoide Argumentationsmuster. Der AFD Hetzer Bj\u00f6rn H\u00f6cke hat das jedem noch einmal klargemacht, als er das Berliner Holocaust Mahnmal ein Denkmal der Schande nannte.<\/p>\n<p>Die AFD steht mit ihrem Neo-Nationalismus nicht allein.  Das zeigt die Wahl von Trump in den USA, die rechte Kampagne f\u00fcr den Brexit, der Front National in Frankreich.<\/p>\n<p>Diese Neo-NationalistInnen eint ein Gedanke: Ihre Staaten sollen ihre Nation selbst wieder unbedingt in den Mittelpunkt der Politik stellen. Nicht mehr internationalen Organisationen wie der Europ\u00e4ischen Union, nicht mehr gemeinsamen W\u00e4hrungen wie dem EURO nicht mehr internationalen Abkommen soll die Zukunft geh\u00f6ren. \u201cAmerica first\u201d hei\u00dft das in den USA. Raus aus dem Euro hei\u00dft das bei der AFD.<br \/>\nWie kommt es zu diesem Aufstieg des Neo-Nationalismus?<\/p>\n<p>Erinnern wir uns:<br \/>\nDer EU-Binnenmarkt, der Euro, das Schengen-Abkommen, der Wegfall vieler Grenzb\u00e4ume in Europa: von dieser Integration der Nationalstaaten versprachen sich die politische Klasse und die Unternehmen hierzulande vor allem eines: mehr Wachstum ihres Kapitals. <\/p>\n<p>Aus dem EU-Binnenmarkt, der nicht gro\u00df genug sein konnte, sollte der gr\u00f6\u00dfte Binnenmarkt der Welt<br \/>\nwerden &#8211; mit kr\u00e4ftigen Impulsen f\u00fcr das Wachstum. <\/p>\n<p>Europ\u00e4ische Gro\u00dfkonzerne sollten entstehen, die in der internationalen Standortkonkurrenz als Sieger vom Platz gehen konnten. <\/p>\n<p>Mit dem Euro sollte ein Weltgeld geschaffen werden, das dem Dollar Paroli bieten kann. Und der Wegfall der Binnengrenzen sollte f\u00fcr eine zus\u00e4tzliche Wachstumsdynamik sorgen.<\/p>\n<p>Alles im Interesse von mehr gemeinsamen Wachstum. <\/p>\n<p>Seit 2007, ist diese Politik in der Krise. Es gibt f\u00fcr die Staaten der EU kein gemeinsames Wachstum mehr. Wachstum gibt es immer mehr nur auf Kosten der anderen. Der  Reichtum der einen ist das Elend der anderen. <\/p>\n<p>Selten wurde das so deutlich wie in der Austerit\u00e4tspolitik, die die EU unter deutscher F\u00fchrung gegen\u00fcber Griechenland betreiben hat und weiter betreibt: Um den Euro als stabile Weltw\u00e4hrung zu retten, wurde an Griechenland ein Exempel statuiert. <\/p>\n<p>Der Neo-Nationalismus der AFD ist eine nationalistische Antwort auf diese Krise des Kapitalismus. Die AfD sieht den Euro, die EU und internationale Abkommen als Fesseln im Konkurrenzkampf der Nationen.  Deshalb will die AfD raus aus dem Euro. <\/p>\n<p>Aber ist die Politik der politischen Klasse, die am Euro und der EU festh\u00e4lt weniger nationalistisch? <\/p>\n<p>Zur EU gibt es f\u00fcr sie keine Alternative, wenn es darum geht, dass Deutschland in der Welt etwas gilt: wirtschaftlich, politisch und zunehmend auch milit\u00e4risch. <\/p>\n<p>Das ist nur eine andere Spielart von Nationalismus, ein Standortnationalismus der etwas moderner daherkommt als der Neonationalismus der AfD. <\/p>\n<p>Aber dieser Standortnationalismus ist nicht weniger brutal. <\/p>\n<p>Die AFD will an der deutschen Grenze schie\u00dfen &#8211; die NATO schickt Kriegsschiffe zur Fl\u00fcchtlingsabwehr ins Mittelmeer. <\/p>\n<p>Die AFD will nach Worten von Frau Petry Gefl\u00fcchtete   auf Inseln verbannen &#8211; die EU will sie in Fl\u00fcchtlingslager in Afrika, Syrien und der T\u00fcrkei einsperren.<\/p>\n<p>Der Standortnationalismus will ein starkes Deutschland, das seine Konkurrenten auf dem Weltmarkt niederkonkurriert. Wer in diesem Konkurrenzkampf nicht mithalten kann, hat schlechte Karten: das gilt f\u00fcr die Menschen in Griechenland wie f\u00fcr die Hartz4-Empf\u00e4nger_innen hierzulande. <\/p>\n<p>Neuerdings nimmt dieser Standortnationalismus sogar Forderungen der AfD auf:<\/p>\n<p>Die schwarz-rote Bundesregierung propagiert Abschiebungen nach Afghanistan. Und die Gr\u00fcnen machen mit.<br \/>\nDie schwarz-rote Bundesregierung will das Asylrecht weitere aush\u00f6hlen.<br \/>\nDie schwarz-rote Bundesregierung treibt die fortschreitende Entrechtung von gefl\u00fcchteten Menschen voran.<br \/>\nAber auch die rot-gr\u00fcne Landesregierung von NRW plant in M\u00fcnster Abschiebezentren. Von dort sollen Menschen massenhaft in den Westbalkan abgeschoben werden.<\/p>\n<p>Auch diese Politik lehnen wir ab. Auch dagegen richtet sich heute unser Protest!<\/p>\n<p>Zu dieser Politik der politischen Klasse ist die AfD keine Alternative! <\/p>\n<p>Aber zu dieser Politik wollen wir eine Alternative! Wir brauchen eine echte Alternative!<\/p>\n<p>Eine Alternative, die erst jenseits der Traurigkeit dieses neoliberalen Kapitalismus entsteht.<br \/>\nZu dieser Alternative laden wir Euch alle ein.<br \/>\nLasst uns gemeinsam an einer Alternative bauen, die weder neonationalistische Abschottung noch standortnationalistische Konkurrenzproduktion propagiert.<br \/>\nLasst uns gemeinsam an einer Alternative bauen, f\u00fcr alle, die hier leben, egal wann und warum sie gekommen sind!<br \/>\nLasst uns gemeinsam eine Welt schaffen, in der viele Welten Platz haben!<br \/>\nLasst uns gemeinsam eine Welt schaffen, in der wir der Konkurrenz die Solidarit\u00e4t entgegensetzen!<br \/>\nLasst uns gemeinsam eine solche Welt schaffen &#8211; f\u00fcr ein Leben in Gerechtigkeit und W\u00fcrde f\u00fcr alle!<\/p>\n","protected":false},"excerpt":{"rendered":"<p>Wir stehen hier heute draussen auf dem Prinzipalmarkt. Drinnen im Rathaus h\u00e4lt die AfD ihren Neujahrsempfang ab. Das akzeptieren wir nicht, dagegen protestieren wir. Gallionsfiguren der AFD wie Alexander Gauland hetzen mit NPD-Parolen wie \u201cHeute tolerant, morgen fremd im eigenen &hellip; <a href=\"https:\/\/ilmuenster.noblogs.org\/?p=149\">Weiterlesen <span class=\"meta-nav\">&rarr;<\/span><\/a><\/p>\n","protected":false},"author":5111,"featured_media":0,"comment_status":"open","ping_status":"open","sticky":false,"template":"","format":"standard","meta":{"footnotes":""},"categories":[1],"tags":[],"class_list":["post-149","post","type-post","status-publish","format-standard","hentry","category-aktuelles"],"_links":{"self":[{"href":"https:\/\/ilmuenster.noblogs.org\/index.php?rest_route=\/wp\/v2\/posts\/149","targetHints":{"allow":["GET"]}}],"collection":[{"href":"https:\/\/ilmuenster.noblogs.org\/index.php?rest_route=\/wp\/v2\/posts"}],"about":[{"href":"https:\/\/ilmuenster.noblogs.org\/index.php?rest_route=\/wp\/v2\/types\/post"}],"author":[{"embeddable":true,"href":"https:\/\/ilmuenster.noblogs.org\/index.php?rest_route=\/wp\/v2\/users\/5111"}],"replies":[{"embeddable":true,"href":"https:\/\/ilmuenster.noblogs.org\/index.php?rest_route=%2Fwp%2Fv2%2Fcomments&post=149"}],"version-history":[{"count":2,"href":"https:\/\/ilmuenster.noblogs.org\/index.php?rest_route=\/wp\/v2\/posts\/149\/revisions"}],"predecessor-version":[{"id":151,"href":"https:\/\/ilmuenster.noblogs.org\/index.php?rest_route=\/wp\/v2\/posts\/149\/revisions\/151"}],"wp:attachment":[{"href":"https:\/\/ilmuenster.noblogs.org\/index.php?rest_route=%2Fwp%2Fv2%2Fmedia&parent=149"}],"wp:term":[{"taxonomy":"category","embeddable":true,"href":"https:\/\/ilmuenster.noblogs.org\/index.php?rest_route=%2Fwp%2Fv2%2Fcategories&post=149"},{"taxonomy":"post_tag","embeddable":true,"href":"https:\/\/ilmuenster.noblogs.org\/index.php?rest_route=%2Fwp%2Fv2%2Ftags&post=149"}],"curies":[{"name":"wp","href":"https:\/\/api.w.org\/{rel}","templated":true}]}}