{"id":141,"date":"2017-01-24T12:57:34","date_gmt":"2017-01-24T11:57:34","guid":{"rendered":"https:\/\/ilmuenster.noblogs.org\/?p=141"},"modified":"2017-01-24T12:57:34","modified_gmt":"2017-01-24T11:57:34","slug":"naechstes-buendnistreffen-muenster-gegen-g20-am-2-2-im-paul-gerhardt-haus","status":"publish","type":"post","link":"https:\/\/ilmuenster.noblogs.org\/?p=141","title":{"rendered":"N\u00e4chstes B\u00fcndnistreffen M\u00fcnster gegen G20 am 2.2. im Paul-Gerhardt-Haus"},"content":{"rendered":"<p>Nach dem erfreulich gut besuchten ersten Treffen wollen wir uns am 2.2. um 20 Uhr im PG wieder treffen, um etwas konkreter zu werden, Aktionen und Aktionsformen f\u00fcr die<br \/>\nTage in Hamburg am 07. und 08. Juli 2017 zu diskutieren und mal gucken, was uns alles so einf\u00e4llt, um in M\u00fcnster und Umgebung in den n\u00e4chsten Monaten f\u00fcr den Gipfel zu mobilisieren. <!--more--><\/p>\n<p>Leute mit klaren Vorstellungen und Ideensind genauso willkommen wie andere, die erst mal gucken und h\u00f6ren<br \/>\nwollen, ob da mitzumachen \u00fcberhaupt was f\u00fcr sie ist. Denkt mit uns, diskutiert mit uns und lasst uns Formen finden, unsere Kritik an den herrschenden<br \/>\nVerh\u00e4ltnissen und den Verh\u00e4ltnissen der Herrschenden und unseren Protest wirkungsvoll nach Hamburg zu tragen.<\/p>\n<p>B\u00fcndnis M\u00fcnster gegen G20<\/p>\n","protected":false},"excerpt":{"rendered":"<p>Nach dem erfreulich gut besuchten ersten Treffen wollen wir uns am 2.2. um 20 Uhr im PG wieder treffen, um etwas konkreter zu werden, Aktionen und Aktionsformen f\u00fcr die Tage in Hamburg am 07. und 08. Juli 2017 zu diskutieren &hellip; <a href=\"https:\/\/ilmuenster.noblogs.org\/?p=141\">Weiterlesen <span class=\"meta-nav\">&rarr;<\/span><\/a><\/p>\n","protected":false},"author":5111,"featured_media":0,"comment_status":"open","ping_status":"open","sticky":false,"template":"","format":"standard","meta":{"footnotes":""},"categories":[1],"tags":[],"class_list":["post-141","post","type-post","status-publish","format-standard","hentry","category-aktuelles"],"_links":{"self":[{"href":"https:\/\/ilmuenster.noblogs.org\/index.php?rest_route=\/wp\/v2\/posts\/141","targetHints":{"allow":["GET"]}}],"collection":[{"href":"https:\/\/ilmuenster.noblogs.org\/index.php?rest_route=\/wp\/v2\/posts"}],"about":[{"href":"https:\/\/ilmuenster.noblogs.org\/index.php?rest_route=\/wp\/v2\/types\/post"}],"author":[{"embeddable":true,"href":"https:\/\/ilmuenster.noblogs.org\/index.php?rest_route=\/wp\/v2\/users\/5111"}],"replies":[{"embeddable":true,"href":"https:\/\/ilmuenster.noblogs.org\/index.php?rest_route=%2Fwp%2Fv2%2Fcomments&post=141"}],"version-history":[{"count":1,"href":"https:\/\/ilmuenster.noblogs.org\/index.php?rest_route=\/wp\/v2\/posts\/141\/revisions"}],"predecessor-version":[{"id":142,"href":"https:\/\/ilmuenster.noblogs.org\/index.php?rest_route=\/wp\/v2\/posts\/141\/revisions\/142"}],"wp:attachment":[{"href":"https:\/\/ilmuenster.noblogs.org\/index.php?rest_route=%2Fwp%2Fv2%2Fmedia&parent=141"}],"wp:term":[{"taxonomy":"category","embeddable":true,"href":"https:\/\/ilmuenster.noblogs.org\/index.php?rest_route=%2Fwp%2Fv2%2Fcategories&post=141"},{"taxonomy":"post_tag","embeddable":true,"href":"https:\/\/ilmuenster.noblogs.org\/index.php?rest_route=%2Fwp%2Fv2%2Ftags&post=141"}],"curies":[{"name":"wp","href":"https:\/\/api.w.org\/{rel}","templated":true}]}}