{"id":139,"date":"2017-01-17T12:48:49","date_gmt":"2017-01-17T11:48:49","guid":{"rendered":"https:\/\/ilmuenster.noblogs.org\/?p=139"},"modified":"2017-01-17T12:48:49","modified_gmt":"2017-01-17T11:48:49","slug":"buendnistreffen-muenster-gegen-g20-am-19-1-um-18-uhr-im-paul-gerhard-haus","status":"publish","type":"post","link":"https:\/\/ilmuenster.noblogs.org\/?p=139","title":{"rendered":"B\u00fcndnistreffen M\u00fcnster gegen G20 am 19.1. um 18 Uhr im Paul-Gerhard-Haus"},"content":{"rendered":"<p><strong>Unsere Solidarit\u00e4t gegen ihren Kapitalismus<\/strong><\/p>\n<p>Treffen sich Trump, Erdogan und Putin\u2026 NEIN, das ist nich der Anfang<br \/>\neines Witzes.<br \/>\nDiese drei stehen stellvertretend f\u00fcr alle Regierungschefinnen und &#8211;<br \/>\nchefs der 19 reichsten und m\u00e4chtigsten Staaten der Erde, die sich am 7.<br \/>\nund 8. Juli 2017 in Hamburg beim G20-Gipfel treffen werden.<br \/>\nSie werden begleitet von 6.000 Delegationsmitgliedern, umschw\u00e4rmt und<br \/>\ndauerfotografiert von erwarteten 3.000 Journalist_innen und nat\u00fcrlich<br \/>\nabgeriegelt und gesch\u00fctzt von einer Polizei- und Geheimdienstarmee von<br \/>\nmindestens 10.000 Einsatzkr\u00e4ften. All dies soll mitten in Hamburg<br \/>\nstattfinden: in den Messehallen, im Rathaus, in der Elbphilharmonie.<!--more--><\/p>\n<p>Die Bewohner_innen sollen weichen f\u00fcr eine Inszenierung der Macht, aus<br \/>\neiner lebendigen Stadt wird eine tote Kulisse. Aufgef\u00fchrt wird vor allem<br \/>\ndie Illusion, dass die politischen Eliten des globalen Kapitalismus die<br \/>\nDinge im Griff h\u00e4tten, dass sie irgendwie in der Lage seien, den<br \/>\nMenschen Sicherheit, Frieden, Auskommen, eine reale Zukunftsperspektive<br \/>\nzu verschaffen. Dabei vollzieht sich vor unser aller Augen das genaue<br \/>\nGegenteil: Die herrschende Weltordnung ist eine t\u00e4glich weiter<br \/>\neskalierende Welt-un-ordnung von brutaler sozialer Ungleichheit,<br \/>\nstrukturell verankertem Sexismus und Rassismus, \u00f6kologischer Verw\u00fcstung<br \/>\nund sich ausbreitenden Kriegen. Millionen Menschen sind auf der Flucht,<br \/>\nMilliarden k\u00e4mpfen ums blo\u00dfe \u00dcberleben und stetig mehr Menschen sind<br \/>\nweltweit, auch hier in Deutschland, von Prekarisierung betroffen.<br \/>\nZugleich wird eine kleine globale Oberschicht fortw\u00e4hrend reicher und<br \/>\nreicher.<\/p>\n<p>Wir setzen unsere Solidarit\u00e4t gegen ihren Kapitalismus. Schluss damit,<br \/>\nso kann es nicht weitergehen! Um das G20-Wochenende werden wir mit<br \/>\nvielen tausend Menschen in Hamburg protestieren. In Aktionen des zivilen<br \/>\nUngehorsams, Gegengipfel und Gro\u00dfdemonstration werden wir unsere Kritik<br \/>\nauf die Stra\u00dfen Hamburgs tragen und solidarische Alternativen aufzeigen.<\/p>\n<p>Deswegen laden wir zu einem ersten offenen Treffen ein, bei dem wir ein<br \/>\n\u201eB\u00fcndnis M\u00fcnster gegen G20\u201c ins Leben rufen wollen. Lasst uns \u00fcberlegen<br \/>\nwelchen Beitrag wir zu einem gelungenen Wochenende leisten k\u00f6nnen, mit<br \/>\nwem wir nach Hamburg fahren und welche Aktionen und Veranstaltungen in<br \/>\nM\u00fcnster m\u00f6glich sind.<br \/>\nDas Treffen findet am 19.01.2017 um 18 Uhr im Paul-Gerhard-Haus statt.<\/p>\n","protected":false},"excerpt":{"rendered":"<p>Unsere Solidarit\u00e4t gegen ihren Kapitalismus Treffen sich Trump, Erdogan und Putin\u2026 NEIN, das ist nich der Anfang eines Witzes. Diese drei stehen stellvertretend f\u00fcr alle Regierungschefinnen und &#8211; chefs der 19 reichsten und m\u00e4chtigsten Staaten der Erde, die sich am &hellip; <a href=\"https:\/\/ilmuenster.noblogs.org\/?p=139\">Weiterlesen <span class=\"meta-nav\">&rarr;<\/span><\/a><\/p>\n","protected":false},"author":5111,"featured_media":0,"comment_status":"open","ping_status":"open","sticky":false,"template":"","format":"standard","meta":{"footnotes":""},"categories":[1],"tags":[],"class_list":["post-139","post","type-post","status-publish","format-standard","hentry","category-aktuelles"],"_links":{"self":[{"href":"https:\/\/ilmuenster.noblogs.org\/index.php?rest_route=\/wp\/v2\/posts\/139","targetHints":{"allow":["GET"]}}],"collection":[{"href":"https:\/\/ilmuenster.noblogs.org\/index.php?rest_route=\/wp\/v2\/posts"}],"about":[{"href":"https:\/\/ilmuenster.noblogs.org\/index.php?rest_route=\/wp\/v2\/types\/post"}],"author":[{"embeddable":true,"href":"https:\/\/ilmuenster.noblogs.org\/index.php?rest_route=\/wp\/v2\/users\/5111"}],"replies":[{"embeddable":true,"href":"https:\/\/ilmuenster.noblogs.org\/index.php?rest_route=%2Fwp%2Fv2%2Fcomments&post=139"}],"version-history":[{"count":1,"href":"https:\/\/ilmuenster.noblogs.org\/index.php?rest_route=\/wp\/v2\/posts\/139\/revisions"}],"predecessor-version":[{"id":140,"href":"https:\/\/ilmuenster.noblogs.org\/index.php?rest_route=\/wp\/v2\/posts\/139\/revisions\/140"}],"wp:attachment":[{"href":"https:\/\/ilmuenster.noblogs.org\/index.php?rest_route=%2Fwp%2Fv2%2Fmedia&parent=139"}],"wp:term":[{"taxonomy":"category","embeddable":true,"href":"https:\/\/ilmuenster.noblogs.org\/index.php?rest_route=%2Fwp%2Fv2%2Fcategories&post=139"},{"taxonomy":"post_tag","embeddable":true,"href":"https:\/\/ilmuenster.noblogs.org\/index.php?rest_route=%2Fwp%2Fv2%2Ftags&post=139"}],"curies":[{"name":"wp","href":"https:\/\/api.w.org\/{rel}","templated":true}]}}