{"id":124,"date":"2016-10-25T14:34:44","date_gmt":"2016-10-25T12:34:44","guid":{"rendered":"http:\/\/ilmuenster.noblogs.org\/?p=124"},"modified":"2016-10-25T14:34:44","modified_gmt":"2016-10-25T12:34:44","slug":"black-lives-matter","status":"publish","type":"post","link":"https:\/\/ilmuenster.noblogs.org\/?p=124","title":{"rendered":"# Black lives matter"},"content":{"rendered":"<p><strong>Wann: <\/strong>25. Oktober 2016 &#8211; 19:30<br \/>\n<strong>Wo:<\/strong> JO 1, Johannisstr. 4, M\u00fcnster<\/p>\n<p>Nachdem der unbewaffnete, schwarze Teenager Mike Brown in Ferguson,<br \/>\nMissouri im August 2014 von einem wei\u00dfen Polizisten erschossen wird,<br \/>\nfolgen massive Proteste, die sich schnell \u00fcber die ganze USA ausbreiten<br \/>\nund nach zwei Jahren noch immer anhalten. Unter der Chiffre \u2018Black Lives<br \/>\nMatter\u2019 wird seitdem mit spektakul\u00e4ren Aktionen der rassistische Status<br \/>\nQuo der Institutionen angeklagt.<\/p>\n<p><a href=\"https:\/\/ilmuenster.noblogs.org\/files\/2016\/10\/11269984_482012645289194_433301279_n.jpg\"><img loading=\"lazy\" decoding=\"async\" class=\"alignnone size-medium wp-image-126\" src=\"https:\/\/ilmuenster.noblogs.org\/files\/2016\/10\/11269984_482012645289194_433301279_n-300x213.jpg\" alt=\"11269984_482012645289194_433301279_n\" width=\"300\" height=\"213\" srcset=\"https:\/\/ilmuenster.noblogs.org\/files\/2016\/10\/11269984_482012645289194_433301279_n-300x213.jpg 300w, https:\/\/ilmuenster.noblogs.org\/files\/2016\/10\/11269984_482012645289194_433301279_n.jpg 420w\" sizes=\"auto, (max-width: 300px) 100vw, 300px\" \/><\/a><!--more--><br \/>\nAngesichts zunehmender offen zu Tage tretender rassistischen Gewalt auch bei<br \/>\nuns, aber gleichzeitigem breitem zivilem Widerstand in der Gesellschaft<br \/>\nblicken wir mit Interesse auf diese neue junge Bewegung der Vereinigten<br \/>\nStaaten, mal ein anderer Blick als auf Trump und Clinton.<\/p>\n<p>Der Bildervortrag von Emily Laquer, ehemals Mitglied von Berkeley Copwatch,<br \/>\nbeleuchtet Zusammenh\u00e4nge der US-amerikanischen Justiz, sucht nach<br \/>\nhistorischen und politischen Gr\u00fcnden f\u00fcr staatlichen Rassismus und zeigt<br \/>\nBilder einer wachsenden neuen B\u00fcrgerrechtsbewegung.<\/p>\n","protected":false},"excerpt":{"rendered":"<p>Wann: 25. Oktober 2016 &#8211; 19:30 Wo: JO 1, Johannisstr. 4, M\u00fcnster Nachdem der unbewaffnete, schwarze Teenager Mike Brown in Ferguson, Missouri im August 2014 von einem wei\u00dfen Polizisten erschossen wird, folgen massive Proteste, die sich schnell \u00fcber die ganze &hellip; <a href=\"https:\/\/ilmuenster.noblogs.org\/?p=124\">Weiterlesen <span class=\"meta-nav\">&rarr;<\/span><\/a><\/p>\n","protected":false},"author":5111,"featured_media":0,"comment_status":"open","ping_status":"open","sticky":false,"template":"","format":"standard","meta":{"footnotes":""},"categories":[1],"tags":[],"class_list":["post-124","post","type-post","status-publish","format-standard","hentry","category-aktuelles"],"_links":{"self":[{"href":"https:\/\/ilmuenster.noblogs.org\/index.php?rest_route=\/wp\/v2\/posts\/124","targetHints":{"allow":["GET"]}}],"collection":[{"href":"https:\/\/ilmuenster.noblogs.org\/index.php?rest_route=\/wp\/v2\/posts"}],"about":[{"href":"https:\/\/ilmuenster.noblogs.org\/index.php?rest_route=\/wp\/v2\/types\/post"}],"author":[{"embeddable":true,"href":"https:\/\/ilmuenster.noblogs.org\/index.php?rest_route=\/wp\/v2\/users\/5111"}],"replies":[{"embeddable":true,"href":"https:\/\/ilmuenster.noblogs.org\/index.php?rest_route=%2Fwp%2Fv2%2Fcomments&post=124"}],"version-history":[{"count":2,"href":"https:\/\/ilmuenster.noblogs.org\/index.php?rest_route=\/wp\/v2\/posts\/124\/revisions"}],"predecessor-version":[{"id":127,"href":"https:\/\/ilmuenster.noblogs.org\/index.php?rest_route=\/wp\/v2\/posts\/124\/revisions\/127"}],"wp:attachment":[{"href":"https:\/\/ilmuenster.noblogs.org\/index.php?rest_route=%2Fwp%2Fv2%2Fmedia&parent=124"}],"wp:term":[{"taxonomy":"category","embeddable":true,"href":"https:\/\/ilmuenster.noblogs.org\/index.php?rest_route=%2Fwp%2Fv2%2Fcategories&post=124"},{"taxonomy":"post_tag","embeddable":true,"href":"https:\/\/ilmuenster.noblogs.org\/index.php?rest_route=%2Fwp%2Fv2%2Ftags&post=124"}],"curies":[{"name":"wp","href":"https:\/\/api.w.org\/{rel}","templated":true}]}}