{"id":116,"date":"2016-08-29T14:33:55","date_gmt":"2016-08-29T12:33:55","guid":{"rendered":"http:\/\/ilmuenster.noblogs.org\/?p=116"},"modified":"2016-08-29T14:35:40","modified_gmt":"2016-08-29T12:35:40","slug":"aktionstraining-und-bus-blockupy","status":"publish","type":"post","link":"https:\/\/ilmuenster.noblogs.org\/?p=116","title":{"rendered":"Aktionstraining und Bus Blockupy"},"content":{"rendered":"<p><b>Aktionstraining am 30.8., 15-19 Uhr in der Baracke (Scharnhorststr. 100)<\/b><\/p>\n<p>Wir wollen morgen in der Baracke ein Aktionstraining durchf\u00fchren, als Vorbereitung auf die Blockupy-Aktionen am 2.9., aber auch offen f\u00fcr alle, die nicht nach Berlin fahren.<!--more--><\/p>\n<p>Das\u00a0 moderierte\u00a0 Training\u00a0 soll\u00a0 dazu\u00a0 dienen,\u00a0 Erfahrungen\u00a0 auszutauschen sowie individuelle\u00a0 und kollektive\u00a0 Handlungsf\u00e4higkeit\u00a0 durch\u00a0 \u00dcbungen\u00a0 zu\u00a0 erh\u00f6hen,\u00a0 Bef\u00fcrchtungen\u00a0 abzubauen<br \/>\nund Neues kennen zu lernen.<\/p>\n<p>Grundlegende Inhalte des Trainings sind: \u00dcberlegungen zu Zivilem Ungehorsam; Motivationen und Ziele; \u00c4ngste und Bef\u00fcrchtungen; Bezugsgruppen<br \/>\nals\u00a0 Basis\u00a0 von\u00a0 Aktionen;\u00a0 Entscheidungsfindung\u00a0 in\u00a0 Bezugsgruppen\u00a0 und\u00a0 zwischen\u00a0 Bezugsgruppen; Blockadetechniken mit dem K\u00f6rper; Einf\u00fchrung zu rechtlichen Fragen.<\/p>\n<p>Noch ein wichtiger Hinweis: Bitte\u00a0 seid\u00a0 p\u00fcnktlich\u00a0 und\u00a0 nehmt\u00a0 euch\u00a0 f\u00fcr\u00a0 die gesamte Dauer des Trainings Zeit! Ein sp\u00e4teres Dazukommen oder fr\u00fcheres Gehen ist nicht<br \/>\nsinnvoll!<\/p>\n<p>Das Aktionstraining findet in Kooperation mit \u201eskills for action\u201c (<a class=\"moz-txt-link-abbreviated\" href=\"http:\/\/www.skills-for-action.de\">www.skills-for-action.de<\/a>) einem deutschsprachigen Netzwerk bewegungsorientierter Aktionstrainer*innen statt.<\/p>\n<p>Au\u00dferdem gibt es noch Karten f\u00fcr den Bus zu den Blockupy Aktionen. Wir starten um Mitternacht, in der Nacht von Donnerstag zu Freitag und kommen am Samstag, vermutlich in den sp\u00e4ten Morgenstunden wieder. Bustickets k\u00f6nnen hier nachgefragt werden: il_reisen@riseup.net.<\/p>\n","protected":false},"excerpt":{"rendered":"<p>Aktionstraining am 30.8., 15-19 Uhr in der Baracke (Scharnhorststr. 100) Wir wollen morgen in der Baracke ein Aktionstraining durchf\u00fchren, als Vorbereitung auf die Blockupy-Aktionen am 2.9., aber auch offen f\u00fcr alle, die nicht nach Berlin fahren.<\/p>\n","protected":false},"author":5111,"featured_media":0,"comment_status":"open","ping_status":"open","sticky":false,"template":"","format":"standard","meta":{"footnotes":""},"categories":[1],"tags":[],"class_list":["post-116","post","type-post","status-publish","format-standard","hentry","category-aktuelles"],"_links":{"self":[{"href":"https:\/\/ilmuenster.noblogs.org\/index.php?rest_route=\/wp\/v2\/posts\/116","targetHints":{"allow":["GET"]}}],"collection":[{"href":"https:\/\/ilmuenster.noblogs.org\/index.php?rest_route=\/wp\/v2\/posts"}],"about":[{"href":"https:\/\/ilmuenster.noblogs.org\/index.php?rest_route=\/wp\/v2\/types\/post"}],"author":[{"embeddable":true,"href":"https:\/\/ilmuenster.noblogs.org\/index.php?rest_route=\/wp\/v2\/users\/5111"}],"replies":[{"embeddable":true,"href":"https:\/\/ilmuenster.noblogs.org\/index.php?rest_route=%2Fwp%2Fv2%2Fcomments&post=116"}],"version-history":[{"count":3,"href":"https:\/\/ilmuenster.noblogs.org\/index.php?rest_route=\/wp\/v2\/posts\/116\/revisions"}],"predecessor-version":[{"id":119,"href":"https:\/\/ilmuenster.noblogs.org\/index.php?rest_route=\/wp\/v2\/posts\/116\/revisions\/119"}],"wp:attachment":[{"href":"https:\/\/ilmuenster.noblogs.org\/index.php?rest_route=%2Fwp%2Fv2%2Fmedia&parent=116"}],"wp:term":[{"taxonomy":"category","embeddable":true,"href":"https:\/\/ilmuenster.noblogs.org\/index.php?rest_route=%2Fwp%2Fv2%2Fcategories&post=116"},{"taxonomy":"post_tag","embeddable":true,"href":"https:\/\/ilmuenster.noblogs.org\/index.php?rest_route=%2Fwp%2Fv2%2Ftags&post=116"}],"curies":[{"name":"wp","href":"https:\/\/api.w.org\/{rel}","templated":true}]}}