{"id":112,"date":"2016-08-16T13:05:17","date_gmt":"2016-08-16T11:05:17","guid":{"rendered":"http:\/\/ilmuenster.noblogs.org\/?p=112"},"modified":"2016-08-16T13:05:17","modified_gmt":"2016-08-16T11:05:17","slug":"blockupy-veranstaltung-am-17-8-deutsches-europa-oder-deutsche-mark-zeit-der-falschen-alternativen","status":"publish","type":"post","link":"https:\/\/ilmuenster.noblogs.org\/?p=112","title":{"rendered":"Blockupy-Veranstaltung am 17.8.: Deutsches Europa oder Deutsche Mark? &#8211; Zeit der falschen Alternativen"},"content":{"rendered":"<p>2016, im achten Jahr der Finanzkrise, sieht auch die EU anders aus. W\u00e4hrend der Krise ist sie wirtschaftlich und politisch zusammenger\u00fcckt: Sie kontrolliert die Haushaltsf\u00fchrung der Mitgliedsstaaten und selbst die Au\u00dfengrenzen sind nicht mehr exklusiv eine nationale Angelegenheit. Die deutsche Politik der Agenda 2010, also der Verarmung der eigenen<br \/>\narbeitenden Bev\u00f6lkerung, wird zum europ\u00e4ischen Modell.<!--more--><br \/>\nDoch das Ziel der deutschen Politik, aus der EU eine Macht mit Weltgeltung und einem Weltgeld zu machen, ist in der Krise: der Nationalismus bl\u00fcht in Europa, bis hin zum Brexit.<br \/>\nW\u00e4hrend sich in Griechenland, in\u00a0 Spanien und j\u00fcngst massiv in Frankreich Widerstand entwickelt, entsteht mit der AFD eine Partei des Retro-Nationalismus.<br \/>\nWas also kann zwischen den falschen Alternativen einer Weltmacht EU und eines nationalistischen Roll-backs eine linke, emanzipatorische Antwort sein?<br \/>\nDar\u00fcber wollen wir am <strong>17.9. (Mittwoch) ab 19.00 Uhr in der Frauenstra\u00dfe 24<\/strong> nach einem kurzen Input gemeinsam diskutieren.<\/p>\n<p>Wir wollen aber auch handeln und unseren Protest gegen die deutsche Politik in der EU auf die Stra\u00dfe tragen: gegen Verarmung und Spardiktat, gegen Nationalismus und Rassismus.<br \/>\nWir werden <strong>am 2.-4.9.<\/strong> deshalb nach<strong> Berlin<\/strong> zu einem <strong>Aktionswochenende<\/strong> fahren. Gegen das deutsche Europa- gemeinsam und international.Auch dar\u00fcber wie das genau aussehen wird, wollen wir am 17.9. informieren.<\/p>\n","protected":false},"excerpt":{"rendered":"<p>2016, im achten Jahr der Finanzkrise, sieht auch die EU anders aus. W\u00e4hrend der Krise ist sie wirtschaftlich und politisch zusammenger\u00fcckt: Sie kontrolliert die Haushaltsf\u00fchrung der Mitgliedsstaaten und selbst die Au\u00dfengrenzen sind nicht mehr exklusiv eine nationale Angelegenheit. Die deutsche &hellip; <a href=\"https:\/\/ilmuenster.noblogs.org\/?p=112\">Weiterlesen <span class=\"meta-nav\">&rarr;<\/span><\/a><\/p>\n","protected":false},"author":5111,"featured_media":0,"comment_status":"open","ping_status":"open","sticky":false,"template":"","format":"standard","meta":{"footnotes":""},"categories":[1],"tags":[],"class_list":["post-112","post","type-post","status-publish","format-standard","hentry","category-aktuelles"],"_links":{"self":[{"href":"https:\/\/ilmuenster.noblogs.org\/index.php?rest_route=\/wp\/v2\/posts\/112","targetHints":{"allow":["GET"]}}],"collection":[{"href":"https:\/\/ilmuenster.noblogs.org\/index.php?rest_route=\/wp\/v2\/posts"}],"about":[{"href":"https:\/\/ilmuenster.noblogs.org\/index.php?rest_route=\/wp\/v2\/types\/post"}],"author":[{"embeddable":true,"href":"https:\/\/ilmuenster.noblogs.org\/index.php?rest_route=\/wp\/v2\/users\/5111"}],"replies":[{"embeddable":true,"href":"https:\/\/ilmuenster.noblogs.org\/index.php?rest_route=%2Fwp%2Fv2%2Fcomments&post=112"}],"version-history":[{"count":2,"href":"https:\/\/ilmuenster.noblogs.org\/index.php?rest_route=\/wp\/v2\/posts\/112\/revisions"}],"predecessor-version":[{"id":114,"href":"https:\/\/ilmuenster.noblogs.org\/index.php?rest_route=\/wp\/v2\/posts\/112\/revisions\/114"}],"wp:attachment":[{"href":"https:\/\/ilmuenster.noblogs.org\/index.php?rest_route=%2Fwp%2Fv2%2Fmedia&parent=112"}],"wp:term":[{"taxonomy":"category","embeddable":true,"href":"https:\/\/ilmuenster.noblogs.org\/index.php?rest_route=%2Fwp%2Fv2%2Fcategories&post=112"},{"taxonomy":"post_tag","embeddable":true,"href":"https:\/\/ilmuenster.noblogs.org\/index.php?rest_route=%2Fwp%2Fv2%2Ftags&post=112"}],"curies":[{"name":"wp","href":"https:\/\/api.w.org\/{rel}","templated":true}]}}