{"id":108,"date":"2016-07-01T16:10:20","date_gmt":"2016-07-01T14:10:20","guid":{"rendered":"http:\/\/ilmuenster.noblogs.org\/?p=108"},"modified":"2016-07-01T16:10:20","modified_gmt":"2016-07-01T14:10:20","slug":"jour-fixe-am-montag-4-7-fuer-willkommen-gegen-rassismus-ist-das-radikal-genug","status":"publish","type":"post","link":"https:\/\/ilmuenster.noblogs.org\/?p=108","title":{"rendered":"Jour fixe am Montag (4.7.): &#8222;F\u00fcr Willkommen &#8211; gegen Rassismus. Ist das radikal (genug)?"},"content":{"rendered":"<p><a href=\"https:\/\/ilmuenster.noblogs.org\/files\/2016\/07\/JF_no8_invitation.jpg\"><img loading=\"lazy\" decoding=\"async\" class=\"alignnone size-medium wp-image-109\" src=\"https:\/\/ilmuenster.noblogs.org\/files\/2016\/07\/JF_no8_invitation-300x111.jpg\" alt=\"JF_no8_invitation\" width=\"300\" height=\"111\" srcset=\"https:\/\/ilmuenster.noblogs.org\/files\/2016\/07\/JF_no8_invitation-300x111.jpg 300w, https:\/\/ilmuenster.noblogs.org\/files\/2016\/07\/JF_no8_invitation-768x284.jpg 768w, https:\/\/ilmuenster.noblogs.org\/files\/2016\/07\/JF_no8_invitation.jpg 851w\" sizes=\"auto, (max-width: 300px) 100vw, 300px\" \/><\/a><\/p>\n<div class=\"\">\n<div class=\"_1mj _1mf\"><span class=\"\"><b class=\"\">4.07.2016 um 20 Uhr im Institut f\u00fcr Theologie und Politik (Friedrich-Ebert-Str. 7)<\/b><\/span><\/div>\n<div class=\"_1mj _1mf\"><span class=\"\">\u00a0<\/span><\/div>\n<\/div>\n<div class=\"\">\n<div class=\"_1mj _1mf\"><span class=\"\">Mit dem Summer of Migration kamen Gefl\u00fcchtete auf der Suche nach einem sicheren Ort zum Leben nach Deutschland. Genau so vervielfachten sich aber auch rassistische Anschl\u00e4ge und \u00dcbergriffe, bekam die AfD Zulauf und auch die Zahl rassistischer Polizeikontrollen stieg. <\/span><\/div>\n<\/div>\n<div class=\"\">\n<div class=\"_1mj _1mf\"><span class=\"\">Seit den Balkan-Z\u00e4unen und dem T\u00fcrkei-Deal ertrinken wieder mehr Menschen im Mittelmeer. Auf der anderen Seite standen Tausende bereit, den Gefl\u00fcchteten in Deutschland und Europa zu helfen und sie willkommen zu hei\u00dfen; viele engagieren sich in ihrem Alltag gegen AfD und Rassismus.<\/span><\/div>\n<\/div>\n<div class=\"\">\n<div class=\"_1mj _1mf\"><span class=\"\">\u00a0<\/span><\/div>\n<\/div>\n<div class=\"\">\n<div class=\"_1mj _1mf\"><span class=\"\">Aber ist das radikal (genug)?<\/span><\/div>\n<\/div>\n<p><!--more--><\/p>\n<div class=\"\">\n<div class=\"_1mj _1mf\"><span class=\"\">Steckt in diesem Engagement schon die L\u00f6sung der Prob<\/span>leme? Wie verbinden wir Recht auf Migration und soziale\/politische Rechte f\u00fcr alle? Entsteht daraus linke Bewegung?<\/div>\n<\/div>\n<div class=\"\">\n<div class=\"_1mj _1mf\"><span class=\"\">Vielleicht m\u00fcssen wir uns noch etwas weiter aus<\/span><\/div>\n<\/div>\n<div class=\"\">\n<div class=\"_1mj _1mf\"><span class=\"\">unserer Comfort Zone herausbewegen und genauer analysieren welche Fragen wir stellen und welche K\u00e4mpfe wir k\u00e4mpfen m\u00fcssen. Genau das wollen wir am Montagabend mit euch gemeinsam diskutieren.<\/span><\/div>\n<\/div>\n","protected":false},"excerpt":{"rendered":"<p>4.07.2016 um 20 Uhr im Institut f\u00fcr Theologie und Politik (Friedrich-Ebert-Str. 7) \u00a0 Mit dem Summer of Migration kamen Gefl\u00fcchtete auf der Suche nach einem sicheren Ort zum Leben nach Deutschland. Genau so vervielfachten sich aber auch rassistische Anschl\u00e4ge und &hellip; <a href=\"https:\/\/ilmuenster.noblogs.org\/?p=108\">Weiterlesen <span class=\"meta-nav\">&rarr;<\/span><\/a><\/p>\n","protected":false},"author":5111,"featured_media":0,"comment_status":"open","ping_status":"open","sticky":false,"template":"","format":"standard","meta":{"footnotes":""},"categories":[1],"tags":[],"class_list":["post-108","post","type-post","status-publish","format-standard","hentry","category-aktuelles"],"_links":{"self":[{"href":"https:\/\/ilmuenster.noblogs.org\/index.php?rest_route=\/wp\/v2\/posts\/108","targetHints":{"allow":["GET"]}}],"collection":[{"href":"https:\/\/ilmuenster.noblogs.org\/index.php?rest_route=\/wp\/v2\/posts"}],"about":[{"href":"https:\/\/ilmuenster.noblogs.org\/index.php?rest_route=\/wp\/v2\/types\/post"}],"author":[{"embeddable":true,"href":"https:\/\/ilmuenster.noblogs.org\/index.php?rest_route=\/wp\/v2\/users\/5111"}],"replies":[{"embeddable":true,"href":"https:\/\/ilmuenster.noblogs.org\/index.php?rest_route=%2Fwp%2Fv2%2Fcomments&post=108"}],"version-history":[{"count":1,"href":"https:\/\/ilmuenster.noblogs.org\/index.php?rest_route=\/wp\/v2\/posts\/108\/revisions"}],"predecessor-version":[{"id":110,"href":"https:\/\/ilmuenster.noblogs.org\/index.php?rest_route=\/wp\/v2\/posts\/108\/revisions\/110"}],"wp:attachment":[{"href":"https:\/\/ilmuenster.noblogs.org\/index.php?rest_route=%2Fwp%2Fv2%2Fmedia&parent=108"}],"wp:term":[{"taxonomy":"category","embeddable":true,"href":"https:\/\/ilmuenster.noblogs.org\/index.php?rest_route=%2Fwp%2Fv2%2Fcategories&post=108"},{"taxonomy":"post_tag","embeddable":true,"href":"https:\/\/ilmuenster.noblogs.org\/index.php?rest_route=%2Fwp%2Fv2%2Ftags&post=108"}],"curies":[{"name":"wp","href":"https:\/\/api.w.org\/{rel}","templated":true}]}}